{"id":270,"date":"2020-09-18T07:35:42","date_gmt":"2020-09-18T07:35:42","guid":{"rendered":"http:\/\/zahnarztpraxis-drklier.de\/?p=270"},"modified":"2020-10-06T19:23:40","modified_gmt":"2020-10-06T19:23:40","slug":"dr-med-dent-alexander-klier","status":"publish","type":"post","link":"https:\/\/zahnarztpraxis-drklier.de\/?p=270","title":{"rendered":"Dr. med. dent. Alexander Klier"},"content":{"rendered":"\n<figure class=\"wp-block-image is-resized\"><img loading=\"lazy\" decoding=\"async\" src=\"https:\/\/zahnarztpraxis-drklier.de\/wp-content\/uploads\/2020\/06\/cropped-klier.jpg\" alt=\"\" class=\"wp-image-64\" width=\"200\" height=\"200\" srcset=\"https:\/\/zahnarztpraxis-drklier.de\/wp-content\/uploads\/2020\/06\/cropped-klier.jpg 667w, https:\/\/zahnarztpraxis-drklier.de\/wp-content\/uploads\/2020\/06\/cropped-klier-150x150.jpg 150w, https:\/\/zahnarztpraxis-drklier.de\/wp-content\/uploads\/2020\/06\/cropped-klier-300x300.jpg 300w\" sizes=\"auto, (max-width: 200px) 100vw, 200px\" \/><\/figure>\n\n\n\n<h4 class=\"wp-block-heading\">Dr. med. dent. Alexander Klier<\/h4>\n\n\n\n<ul class=\"wp-block-list\"><li>Studium der Zahnheilkunde an der Universit\u00e4t Regensburg<\/li><li>1994 Staatsexamen und Approbation an der Universit\u00e4t Regensburg<\/li><li>1996 Promotion<\/li><li>Seit 1997 in eigener Praxis t\u00e4tig<\/li><li>2001 \u00dcbernahme der Praxis im Donau-Einkaufszentrum<\/li><\/ul>\n\n\n\n<p>T\u00e4tigkeitsschwerpunkt: <\/p>\n\n\n\n<p>&#8211;&nbsp;&nbsp;&nbsp;&nbsp;&nbsp;&nbsp;&nbsp; \u00c4sthetische Zahnheilkunde<br> &#8211;&nbsp;&nbsp;&nbsp;&nbsp;&nbsp;&nbsp;&nbsp; Implantation mit Knochenaufbau, Kieferh\u00f6hlenbodenanhebung und Weichgewebsmanagement <br> &#8211;&nbsp;&nbsp;&nbsp;&nbsp;&nbsp;&nbsp;&nbsp; Vollkeramik-Restauration <br> &#8211;&nbsp;&nbsp;&nbsp;&nbsp;&nbsp;&nbsp;&nbsp; Wurzelspitzenresektion <br> &#8211;&nbsp;&nbsp;&nbsp;&nbsp;&nbsp;&nbsp;&nbsp; Zahn\u00e4rztliche Chirurgie mit Weisheitszahnentfernung <\/p>\n\n\n\n<p>Mitgliedschaften:<br><a rel=\"noreferrer noopener\" href=\"http:\/\/www.dgi-ev.de\/\" target=\"_blank\">DGI<\/a>\u00a0\u2013 Deutsche Gesellschaft f\u00fcr Implantologie<br><a rel=\"noreferrer noopener\" href=\"http:\/\/www.dgoi.info\/\" target=\"_blank\">DGOI<\/a>\u00a0\u2013 Deutsche Gesellschaft f\u00fcr orale Implantologie<br><a rel=\"noreferrer noopener\" href=\"http:\/\/www.dgzmk.de\/\" target=\"_blank\">DGZMK<\/a>\u00a0\u2013 Deutsche Gesellschaft f\u00fcr Zahn-, Mund- und Kieferheilkunde<br><a href=\"https:\/\/bdizedi.org\" target=\"_blank\" rel=\"noopener\">BdIZ <\/a> \u2013 Bundesverband der implantologisch t\u00e4tigen Zahn\u00e4rzte<\/p>\n","protected":false},"excerpt":{"rendered":"<p>Dr. med. dent. Alexander Klier Studium der Zahnheilkunde an der Universit\u00e4t Regensburg 1994 Staatsexamen und Approbation an der Universit\u00e4t Regensburg 1996 Promotion Seit 1997 in eigener Praxis t\u00e4tig 2001 \u00dcbernahme der Praxis im Donau-Einkaufszentrum T\u00e4tigkeitsschwerpunkt: &#8211;&nbsp;&nbsp;&nbsp;&nbsp;&nbsp;&nbsp;&nbsp; \u00c4sthetische Zahnheilkunde &#8211;&nbsp;&nbsp;&nbsp;&nbsp;&nbsp;&nbsp;&nbsp; Implantation mit Knochenaufbau, Kieferh\u00f6hlenbodenanhebung und Weichgewebsmanagement &#8211;&nbsp;&nbsp;&nbsp;&nbsp;&nbsp;&nbsp;&nbsp; Vollkeramik-Restauration &#8211;&nbsp;&nbsp;&nbsp;&nbsp;&nbsp;&nbsp;&nbsp; Wurzelspitzenresektion &#8211;&nbsp;&nbsp;&nbsp;&nbsp;&nbsp;&nbsp;&nbsp; Zahn\u00e4rztliche Chirurgie mit Weisheitszahnentfernung Mitgliedschaften:DGI\u00a0\u2013&hellip; <br \/> <a class=\"read-more\" href=\"https:\/\/zahnarztpraxis-drklier.de\/?p=270\">Weiterlesen<\/a><\/p>\n","protected":false},"author":1,"featured_media":0,"comment_status":"closed","ping_status":"closed","sticky":false,"template":"","format":"standard","meta":{"footnotes":""},"categories":[1],"tags":[],"class_list":["post-270","post","type-post","status-publish","format-standard","hentry","category-1"],"_links":{"self":[{"href":"https:\/\/zahnarztpraxis-drklier.de\/index.php?rest_route=\/wp\/v2\/posts\/270","targetHints":{"allow":["GET"]}}],"collection":[{"href":"https:\/\/zahnarztpraxis-drklier.de\/index.php?rest_route=\/wp\/v2\/posts"}],"about":[{"href":"https:\/\/zahnarztpraxis-drklier.de\/index.php?rest_route=\/wp\/v2\/types\/post"}],"author":[{"embeddable":true,"href":"https:\/\/zahnarztpraxis-drklier.de\/index.php?rest_route=\/wp\/v2\/users\/1"}],"replies":[{"embeddable":true,"href":"https:\/\/zahnarztpraxis-drklier.de\/index.php?rest_route=%2Fwp%2Fv2%2Fcomments&post=270"}],"version-history":[{"count":5,"href":"https:\/\/zahnarztpraxis-drklier.de\/index.php?rest_route=\/wp\/v2\/posts\/270\/revisions"}],"predecessor-version":[{"id":326,"href":"https:\/\/zahnarztpraxis-drklier.de\/index.php?rest_route=\/wp\/v2\/posts\/270\/revisions\/326"}],"wp:attachment":[{"href":"https:\/\/zahnarztpraxis-drklier.de\/index.php?rest_route=%2Fwp%2Fv2%2Fmedia&parent=270"}],"wp:term":[{"taxonomy":"category","embeddable":true,"href":"https:\/\/zahnarztpraxis-drklier.de\/index.php?rest_route=%2Fwp%2Fv2%2Fcategories&post=270"},{"taxonomy":"post_tag","embeddable":true,"href":"https:\/\/zahnarztpraxis-drklier.de\/index.php?rest_route=%2Fwp%2Fv2%2Ftags&post=270"}],"curies":[{"name":"wp","href":"https:\/\/api.w.org\/{rel}","templated":true}]}}