{"id":164,"date":"2020-06-09T14:33:10","date_gmt":"2020-06-09T14:33:10","guid":{"rendered":"http:\/\/zahnarztpraxis-drklier.de\/?p=164"},"modified":"2020-07-02T11:25:24","modified_gmt":"2020-07-02T11:25:24","slug":"recall","status":"publish","type":"post","link":"https:\/\/zahnarztpraxis-drklier.de\/?p=164","title":{"rendered":"Recall"},"content":{"rendered":"\n<p>Nach Abschluss der Behandlung nehmen wir Sie gerne in unser \nPatientenerinnerungs-\/Recall-System auf. Hierbei werden Sie von uns an \nnotwendige Kontrollsitzungen erinnert, bei denen unsere \nZahnmedizinischen Fachangestellten (ZMF) f\u00fcr Prophylaxe eine \nprofessionelle Zahnreinigung durchf\u00fchren.<\/p>\n\n\n\n<p>Danach erfolgt eine zahn\u00e4rztliche Kontrolle. \nRegelm\u00e4\u00dfige Nachkontrollen und professionelle Zahnreinigungen sichern \nlangfristig das Ergebnis. <\/p>\n\n\n\n<p>F\u00fcr gesetzlich Versicherte werden die beiden Kontrolltermine pro Jahr so gelegt, dass keine Praxisgeb\u00fchr f\u00e4llig wird.<\/p>\n","protected":false},"excerpt":{"rendered":"<p>Nach Abschluss der Behandlung nehmen wir Sie gerne in unser Patientenerinnerungs-\/Recall-System auf. Hierbei werden Sie von uns an notwendige Kontrollsitzungen erinnert, bei denen unsere Zahnmedizinischen Fachangestellten (ZMF) f\u00fcr Prophylaxe eine professionelle Zahnreinigung durchf\u00fchren. Danach erfolgt eine zahn\u00e4rztliche Kontrolle. Regelm\u00e4\u00dfige Nachkontrollen und professionelle Zahnreinigungen sichern langfristig das Ergebnis. F\u00fcr gesetzlich Versicherte werden die beiden Kontrolltermine pro&hellip; <br \/> <a class=\"read-more\" href=\"https:\/\/zahnarztpraxis-drklier.de\/?p=164\">Weiterlesen<\/a><\/p>\n","protected":false},"author":1,"featured_media":0,"comment_status":"closed","ping_status":"closed","sticky":true,"template":"","format":"standard","meta":{"footnotes":""},"categories":[1],"tags":[],"class_list":["post-164","post","type-post","status-publish","format-standard","hentry","category-1"],"_links":{"self":[{"href":"https:\/\/zahnarztpraxis-drklier.de\/index.php?rest_route=\/wp\/v2\/posts\/164","targetHints":{"allow":["GET"]}}],"collection":[{"href":"https:\/\/zahnarztpraxis-drklier.de\/index.php?rest_route=\/wp\/v2\/posts"}],"about":[{"href":"https:\/\/zahnarztpraxis-drklier.de\/index.php?rest_route=\/wp\/v2\/types\/post"}],"author":[{"embeddable":true,"href":"https:\/\/zahnarztpraxis-drklier.de\/index.php?rest_route=\/wp\/v2\/users\/1"}],"replies":[{"embeddable":true,"href":"https:\/\/zahnarztpraxis-drklier.de\/index.php?rest_route=%2Fwp%2Fv2%2Fcomments&post=164"}],"version-history":[{"count":2,"href":"https:\/\/zahnarztpraxis-drklier.de\/index.php?rest_route=\/wp\/v2\/posts\/164\/revisions"}],"predecessor-version":[{"id":199,"href":"https:\/\/zahnarztpraxis-drklier.de\/index.php?rest_route=\/wp\/v2\/posts\/164\/revisions\/199"}],"wp:attachment":[{"href":"https:\/\/zahnarztpraxis-drklier.de\/index.php?rest_route=%2Fwp%2Fv2%2Fmedia&parent=164"}],"wp:term":[{"taxonomy":"category","embeddable":true,"href":"https:\/\/zahnarztpraxis-drklier.de\/index.php?rest_route=%2Fwp%2Fv2%2Fcategories&post=164"},{"taxonomy":"post_tag","embeddable":true,"href":"https:\/\/zahnarztpraxis-drklier.de\/index.php?rest_route=%2Fwp%2Fv2%2Ftags&post=164"}],"curies":[{"name":"wp","href":"https:\/\/api.w.org\/{rel}","templated":true}]}}